{"id":4785,"date":"2026-01-26T15:16:46","date_gmt":"2026-01-26T14:16:46","guid":{"rendered":"https:\/\/www.cordm.com\/2026\/01\/26\/salon-global-industrie-paris-villepinte-30-03-au-02-04-2026\/"},"modified":"2026-01-26T15:19:06","modified_gmt":"2026-01-26T14:19:06","slug":"salon-global-industrie-paris-villepinte-30-03-au-02-04-2026","status":"publish","type":"post","link":"https:\/\/www.cordm.com\/de\/2026\/01\/26\/salon-global-industrie-paris-villepinte-30-03-au-02-04-2026\/","title":{"rendered":"Messe Global Industrie Paris \u2013 Villepinte \u2013 30.\u00a0M\u00e4rz bis 2. April 2026"},"content":{"rendered":"\n<p>CORDM freut sich sehr, an der GLOBAL INDUSTRIE teilzunehmen, der weltweit gr\u00f6\u00dften Fachmesse f\u00fcr die Industrie, die vom 30. M\u00e4rz bis 2. April 2026 in Paris im Parc des Expositions de Villepinte stattfindet.<\/p>\n\n\n\n<p>Bei dieser Gelegenheit werden wir unser Know-how und unsere Werkst\u00e4tten vorstellen, die auf die Herstellung von Zahnr\u00e4dern sowie die Reparatur und Wartung von Industriegetrieben spezialisiert sind.<\/p>\n\n\n\n<p>Unsere Vertriebsteams freuen sich, Sie an&nbsp;<strong>unserem Stand Nr. 6W95<\/strong>&nbsp;begr\u00fc\u00dfen zu d\u00fcrfen.<\/p>\n\n\n\n<p>Wenn Sie einen Besuch der Messe planen, senden wir Ihnen gerne eine kostenlose Einladung zu, mit der Sie Zugang zur Veranstaltung erhalten.<\/p>\n\n\n\n<p>Bitte z\u00f6gern Sie nicht, uns unter der folgenden Adresse zu kontaktieren:&nbsp;<a href=\"mailto:info@cordm.co\" target=\"_blank\" rel=\"noreferrer noopener\">info@cordm.co<\/a>.<\/p>\n\n\n\n<p>Wir freuen uns darauf, Sie bald zu sehen!<\/p>\n\n\n<div class=\"wp-block-image\">\n<figure class=\"aligncenter size-full\"><img loading=\"lazy\" decoding=\"async\" width=\"1000\" height=\"800\" alt=\"\" src=\"https:\/\/www.cordm.com\/wp-content\/uploads\/2026\/01\/Format_Reseaux_sociaux_GB_6W95_1858.jpg\"  class=\"wp-image-4788\" srcset=\"https:\/\/www.cordm.com\/wp-content\/uploads\/2026\/01\/Format_Reseaux_sociaux_GB_6W95_1858.jpg 1000w, https:\/\/www.cordm.com\/wp-content\/uploads\/2026\/01\/Format_Reseaux_sociaux_GB_6W95_1858-300x240.jpg 300w, https:\/\/www.cordm.com\/wp-content\/uploads\/2026\/01\/Format_Reseaux_sociaux_GB_6W95_1858-768x614.jpg 768w\" sizes=\"auto, (max-width: 1000px) 100vw, 1000px\" \/><\/figure>\n<\/div>","protected":false},"excerpt":{"rendered":"<p>CORDM freut sich sehr, an der GLOBAL INDUSTRIE teilzunehmen, der weltweit gr\u00f6\u00dften Fachmesse f\u00fcr die Industrie, die vom 30. M\u00e4rz bis 2. April 2026 in Paris im Parc des Expositions de Villepinte stattfindet. Bei dieser Gelegenheit werden wir unser Know-how und unsere Werkst\u00e4tten vorstellen, die auf die Herstellung von Zahnr\u00e4dern sowie die Reparatur und Wartung [&hellip;]<\/p>\n","protected":false},"author":1,"featured_media":4781,"comment_status":"closed","ping_status":"closed","sticky":false,"template":"","format":"standard","meta":{"_acf_changed":false,"footnotes":""},"categories":[26],"tags":[],"class_list":["post-4785","post","type-post","status-publish","format-standard","has-post-thumbnail","hentry","category-actualites"],"acf":[],"yoast_head":"<!-- This site is optimized with the Yoast SEO plugin v27.0 - https:\/\/yoast.com\/product\/yoast-seo-wordpress\/ -->\n<title>Messe Global Industrie Paris \u2013 Villepinte \u2013 30.\u00a0M\u00e4rz bis 2. April 2026 - CORDM Gears<\/title>\n<meta name=\"robots\" content=\"index, follow, max-snippet:-1, max-image-preview:large, max-video-preview:-1\" \/>\n<link rel=\"canonical\" href=\"https:\/\/www.cordm.com\/de\/2026\/01\/26\/salon-global-industrie-paris-villepinte-30-03-au-02-04-2026\/\" \/>\n<meta property=\"og:locale\" content=\"de_DE\" \/>\n<meta property=\"og:type\" content=\"article\" \/>\n<meta property=\"og:title\" content=\"Messe Global Industrie Paris \u2013 Villepinte \u2013 30.\u00a0M\u00e4rz bis 2. April 2026 - CORDM Gears\" \/>\n<meta property=\"og:description\" content=\"CORDM freut sich sehr, an der GLOBAL INDUSTRIE teilzunehmen, der weltweit gr\u00f6\u00dften Fachmesse f\u00fcr die Industrie, die vom 30. M\u00e4rz bis 2. April 2026 in Paris im Parc des Expositions de Villepinte stattfindet. Bei dieser Gelegenheit werden wir unser Know-how und unsere Werkst\u00e4tten vorstellen, die auf die Herstellung von Zahnr\u00e4dern sowie die Reparatur und Wartung [&hellip;]\" \/>\n<meta property=\"og:url\" content=\"https:\/\/www.cordm.com\/de\/2026\/01\/26\/salon-global-industrie-paris-villepinte-30-03-au-02-04-2026\/\" \/>\n<meta property=\"og:site_name\" content=\"CORDM Gears\" \/>\n<meta property=\"article:published_time\" content=\"2026-01-26T14:16:46+00:00\" \/>\n<meta property=\"article:modified_time\" content=\"2026-01-26T14:19:06+00:00\" \/>\n<meta property=\"og:image\" content=\"https:\/\/www.cordm.com\/wp-content\/uploads\/2026\/01\/Format_Reseaux_sociaux_FR_6W95_1857.jpg\" \/>\n\t<meta property=\"og:image:width\" content=\"1000\" \/>\n\t<meta property=\"og:image:height\" content=\"800\" \/>\n\t<meta property=\"og:image:type\" content=\"image\/jpeg\" \/>\n<meta name=\"author\" content=\"samuel\" \/>\n<meta name=\"twitter:card\" content=\"summary_large_image\" \/>\n<meta name=\"twitter:label1\" content=\"Verfasst von\" \/>\n\t<meta name=\"twitter:data1\" content=\"samuel\" \/>\n\t<meta name=\"twitter:label2\" content=\"Gesch\u00e4tzte Lesezeit\" \/>\n\t<meta name=\"twitter:data2\" content=\"1\u00a0Minute\" \/>\n<script type=\"application\/ld+json\" class=\"yoast-schema-graph\">{\"@context\":\"https:\/\/schema.org\",\"@graph\":[{\"@type\":\"Article\",\"@id\":\"https:\/\/www.cordm.com\/de\/2026\/01\/26\/salon-global-industrie-paris-villepinte-30-03-au-02-04-2026\/#article\",\"isPartOf\":{\"@id\":\"https:\/\/www.cordm.com\/de\/2026\/01\/26\/salon-global-industrie-paris-villepinte-30-03-au-02-04-2026\/\"},\"author\":{\"name\":\"samuel\",\"@id\":\"https:\/\/www.cordm.com\/de\/#\/schema\/person\/fe7dcfca85fce13364c871184eb9cde8\"},\"headline\":\"Messe Global Industrie Paris \u2013 Villepinte \u2013 30.\u00a0M\u00e4rz bis 2. April 2026\",\"datePublished\":\"2026-01-26T14:16:46+00:00\",\"dateModified\":\"2026-01-26T14:19:06+00:00\",\"mainEntityOfPage\":{\"@id\":\"https:\/\/www.cordm.com\/de\/2026\/01\/26\/salon-global-industrie-paris-villepinte-30-03-au-02-04-2026\/\"},\"wordCount\":133,\"publisher\":{\"@id\":\"https:\/\/www.cordm.com\/de\/#organization\"},\"image\":{\"@id\":\"https:\/\/www.cordm.com\/de\/2026\/01\/26\/salon-global-industrie-paris-villepinte-30-03-au-02-04-2026\/#primaryimage\"},\"thumbnailUrl\":\"https:\/\/www.cordm.com\/wp-content\/uploads\/2026\/01\/Format_Reseaux_sociaux_FR_6W95_1857.jpg\",\"articleSection\":[\"Actualit\u00e9s\"],\"inLanguage\":\"de\"},{\"@type\":\"WebPage\",\"@id\":\"https:\/\/www.cordm.com\/de\/2026\/01\/26\/salon-global-industrie-paris-villepinte-30-03-au-02-04-2026\/\",\"url\":\"https:\/\/www.cordm.com\/de\/2026\/01\/26\/salon-global-industrie-paris-villepinte-30-03-au-02-04-2026\/\",\"name\":\"Messe Global Industrie Paris \u2013 Villepinte \u2013 30.\u00a0M\u00e4rz bis 2. April 2026 - CORDM Gears\",\"isPartOf\":{\"@id\":\"https:\/\/www.cordm.com\/de\/#website\"},\"primaryImageOfPage\":{\"@id\":\"https:\/\/www.cordm.com\/de\/2026\/01\/26\/salon-global-industrie-paris-villepinte-30-03-au-02-04-2026\/#primaryimage\"},\"image\":{\"@id\":\"https:\/\/www.cordm.com\/de\/2026\/01\/26\/salon-global-industrie-paris-villepinte-30-03-au-02-04-2026\/#primaryimage\"},\"thumbnailUrl\":\"https:\/\/www.cordm.com\/wp-content\/uploads\/2026\/01\/Format_Reseaux_sociaux_FR_6W95_1857.jpg\",\"datePublished\":\"2026-01-26T14:16:46+00:00\",\"dateModified\":\"2026-01-26T14:19:06+00:00\",\"breadcrumb\":{\"@id\":\"https:\/\/www.cordm.com\/de\/2026\/01\/26\/salon-global-industrie-paris-villepinte-30-03-au-02-04-2026\/#breadcrumb\"},\"inLanguage\":\"de\",\"potentialAction\":[{\"@type\":\"ReadAction\",\"target\":[\"https:\/\/www.cordm.com\/de\/2026\/01\/26\/salon-global-industrie-paris-villepinte-30-03-au-02-04-2026\/\"]}]},{\"@type\":\"ImageObject\",\"inLanguage\":\"de\",\"@id\":\"https:\/\/www.cordm.com\/de\/2026\/01\/26\/salon-global-industrie-paris-villepinte-30-03-au-02-04-2026\/#primaryimage\",\"url\":\"https:\/\/www.cordm.com\/wp-content\/uploads\/2026\/01\/Format_Reseaux_sociaux_FR_6W95_1857.jpg\",\"contentUrl\":\"https:\/\/www.cordm.com\/wp-content\/uploads\/2026\/01\/Format_Reseaux_sociaux_FR_6W95_1857.jpg\",\"width\":1000,\"height\":800},{\"@type\":\"BreadcrumbList\",\"@id\":\"https:\/\/www.cordm.com\/de\/2026\/01\/26\/salon-global-industrie-paris-villepinte-30-03-au-02-04-2026\/#breadcrumb\",\"itemListElement\":[{\"@type\":\"ListItem\",\"position\":1,\"name\":\"CORDM Gears\",\"item\":\"https:\/\/www.cordm.com\/de\/\"},{\"@type\":\"ListItem\",\"position\":2,\"name\":\"Messe Global Industrie Paris \u2013 Villepinte \u2013 30.\u00a0M\u00e4rz bis 2. April 2026\"}]},{\"@type\":\"WebSite\",\"@id\":\"https:\/\/www.cordm.com\/de\/#website\",\"url\":\"https:\/\/www.cordm.com\/de\/\",\"name\":\"CORDM Gears\",\"description\":\"\",\"publisher\":{\"@id\":\"https:\/\/www.cordm.com\/de\/#organization\"},\"potentialAction\":[{\"@type\":\"SearchAction\",\"target\":{\"@type\":\"EntryPoint\",\"urlTemplate\":\"https:\/\/www.cordm.com\/de\/?s={search_term_string}\"},\"query-input\":{\"@type\":\"PropertyValueSpecification\",\"valueRequired\":true,\"valueName\":\"search_term_string\"}}],\"inLanguage\":\"de\"},{\"@type\":\"Organization\",\"@id\":\"https:\/\/www.cordm.com\/de\/#organization\",\"name\":\"CORDM Gears\",\"url\":\"https:\/\/www.cordm.com\/de\/\",\"logo\":{\"@type\":\"ImageObject\",\"inLanguage\":\"de\",\"@id\":\"https:\/\/www.cordm.com\/de\/#\/schema\/logo\/image\/\",\"url\":\"https:\/\/www.cordm.com\/wp-content\/uploads\/2024\/10\/cordm_logo.png\",\"contentUrl\":\"https:\/\/www.cordm.com\/wp-content\/uploads\/2024\/10\/cordm_logo.png\",\"width\":332,\"height\":98,\"caption\":\"CORDM Gears\"},\"image\":{\"@id\":\"https:\/\/www.cordm.com\/de\/#\/schema\/logo\/image\/\"}},{\"@type\":\"Person\",\"@id\":\"https:\/\/www.cordm.com\/de\/#\/schema\/person\/fe7dcfca85fce13364c871184eb9cde8\",\"name\":\"samuel\",\"image\":{\"@type\":\"ImageObject\",\"inLanguage\":\"de\",\"@id\":\"https:\/\/www.cordm.com\/de\/#\/schema\/person\/image\/\",\"url\":\"https:\/\/secure.gravatar.com\/avatar\/2f996de0e03a3d8acbacc74e4c54bf6a881c6e2a70104714238eee8b90385573?s=96&d=mm&r=g\",\"contentUrl\":\"https:\/\/secure.gravatar.com\/avatar\/2f996de0e03a3d8acbacc74e4c54bf6a881c6e2a70104714238eee8b90385573?s=96&d=mm&r=g\",\"caption\":\"samuel\"},\"sameAs\":[\"https:\/\/crm.lafabrikk.dev\"]}]}<\/script>\n<!-- \/ Yoast SEO plugin. -->","yoast_head_json":{"title":"Messe Global Industrie Paris \u2013 Villepinte \u2013 30.\u00a0M\u00e4rz bis 2. April 2026 - CORDM Gears","robots":{"index":"index","follow":"follow","max-snippet":"max-snippet:-1","max-image-preview":"max-image-preview:large","max-video-preview":"max-video-preview:-1"},"canonical":"https:\/\/www.cordm.com\/de\/2026\/01\/26\/salon-global-industrie-paris-villepinte-30-03-au-02-04-2026\/","og_locale":"de_DE","og_type":"article","og_title":"Messe Global Industrie Paris \u2013 Villepinte \u2013 30.\u00a0M\u00e4rz bis 2. April 2026 - CORDM Gears","og_description":"CORDM freut sich sehr, an der GLOBAL INDUSTRIE teilzunehmen, der weltweit gr\u00f6\u00dften Fachmesse f\u00fcr die Industrie, die vom 30. M\u00e4rz bis 2. April 2026 in Paris im Parc des Expositions de Villepinte stattfindet. Bei dieser Gelegenheit werden wir unser Know-how und unsere Werkst\u00e4tten vorstellen, die auf die Herstellung von Zahnr\u00e4dern sowie die Reparatur und Wartung [&hellip;]","og_url":"https:\/\/www.cordm.com\/de\/2026\/01\/26\/salon-global-industrie-paris-villepinte-30-03-au-02-04-2026\/","og_site_name":"CORDM Gears","article_published_time":"2026-01-26T14:16:46+00:00","article_modified_time":"2026-01-26T14:19:06+00:00","og_image":[{"width":1000,"height":800,"url":"https:\/\/www.cordm.com\/wp-content\/uploads\/2026\/01\/Format_Reseaux_sociaux_FR_6W95_1857.jpg","type":"image\/jpeg"}],"author":"samuel","twitter_card":"summary_large_image","twitter_misc":{"Verfasst von":"samuel","Gesch\u00e4tzte Lesezeit":"1\u00a0Minute"},"schema":{"@context":"https:\/\/schema.org","@graph":[{"@type":"Article","@id":"https:\/\/www.cordm.com\/de\/2026\/01\/26\/salon-global-industrie-paris-villepinte-30-03-au-02-04-2026\/#article","isPartOf":{"@id":"https:\/\/www.cordm.com\/de\/2026\/01\/26\/salon-global-industrie-paris-villepinte-30-03-au-02-04-2026\/"},"author":{"name":"samuel","@id":"https:\/\/www.cordm.com\/de\/#\/schema\/person\/fe7dcfca85fce13364c871184eb9cde8"},"headline":"Messe Global Industrie Paris \u2013 Villepinte \u2013 30.\u00a0M\u00e4rz bis 2. April 2026","datePublished":"2026-01-26T14:16:46+00:00","dateModified":"2026-01-26T14:19:06+00:00","mainEntityOfPage":{"@id":"https:\/\/www.cordm.com\/de\/2026\/01\/26\/salon-global-industrie-paris-villepinte-30-03-au-02-04-2026\/"},"wordCount":133,"publisher":{"@id":"https:\/\/www.cordm.com\/de\/#organization"},"image":{"@id":"https:\/\/www.cordm.com\/de\/2026\/01\/26\/salon-global-industrie-paris-villepinte-30-03-au-02-04-2026\/#primaryimage"},"thumbnailUrl":"https:\/\/www.cordm.com\/wp-content\/uploads\/2026\/01\/Format_Reseaux_sociaux_FR_6W95_1857.jpg","articleSection":["Actualit\u00e9s"],"inLanguage":"de"},{"@type":"WebPage","@id":"https:\/\/www.cordm.com\/de\/2026\/01\/26\/salon-global-industrie-paris-villepinte-30-03-au-02-04-2026\/","url":"https:\/\/www.cordm.com\/de\/2026\/01\/26\/salon-global-industrie-paris-villepinte-30-03-au-02-04-2026\/","name":"Messe Global Industrie Paris \u2013 Villepinte \u2013 30.\u00a0M\u00e4rz bis 2. April 2026 - CORDM Gears","isPartOf":{"@id":"https:\/\/www.cordm.com\/de\/#website"},"primaryImageOfPage":{"@id":"https:\/\/www.cordm.com\/de\/2026\/01\/26\/salon-global-industrie-paris-villepinte-30-03-au-02-04-2026\/#primaryimage"},"image":{"@id":"https:\/\/www.cordm.com\/de\/2026\/01\/26\/salon-global-industrie-paris-villepinte-30-03-au-02-04-2026\/#primaryimage"},"thumbnailUrl":"https:\/\/www.cordm.com\/wp-content\/uploads\/2026\/01\/Format_Reseaux_sociaux_FR_6W95_1857.jpg","datePublished":"2026-01-26T14:16:46+00:00","dateModified":"2026-01-26T14:19:06+00:00","breadcrumb":{"@id":"https:\/\/www.cordm.com\/de\/2026\/01\/26\/salon-global-industrie-paris-villepinte-30-03-au-02-04-2026\/#breadcrumb"},"inLanguage":"de","potentialAction":[{"@type":"ReadAction","target":["https:\/\/www.cordm.com\/de\/2026\/01\/26\/salon-global-industrie-paris-villepinte-30-03-au-02-04-2026\/"]}]},{"@type":"ImageObject","inLanguage":"de","@id":"https:\/\/www.cordm.com\/de\/2026\/01\/26\/salon-global-industrie-paris-villepinte-30-03-au-02-04-2026\/#primaryimage","url":"https:\/\/www.cordm.com\/wp-content\/uploads\/2026\/01\/Format_Reseaux_sociaux_FR_6W95_1857.jpg","contentUrl":"https:\/\/www.cordm.com\/wp-content\/uploads\/2026\/01\/Format_Reseaux_sociaux_FR_6W95_1857.jpg","width":1000,"height":800},{"@type":"BreadcrumbList","@id":"https:\/\/www.cordm.com\/de\/2026\/01\/26\/salon-global-industrie-paris-villepinte-30-03-au-02-04-2026\/#breadcrumb","itemListElement":[{"@type":"ListItem","position":1,"name":"CORDM Gears","item":"https:\/\/www.cordm.com\/de\/"},{"@type":"ListItem","position":2,"name":"Messe Global Industrie Paris \u2013 Villepinte \u2013 30.\u00a0M\u00e4rz bis 2. April 2026"}]},{"@type":"WebSite","@id":"https:\/\/www.cordm.com\/de\/#website","url":"https:\/\/www.cordm.com\/de\/","name":"CORDM Gears","description":"","publisher":{"@id":"https:\/\/www.cordm.com\/de\/#organization"},"potentialAction":[{"@type":"SearchAction","target":{"@type":"EntryPoint","urlTemplate":"https:\/\/www.cordm.com\/de\/?s={search_term_string}"},"query-input":{"@type":"PropertyValueSpecification","valueRequired":true,"valueName":"search_term_string"}}],"inLanguage":"de"},{"@type":"Organization","@id":"https:\/\/www.cordm.com\/de\/#organization","name":"CORDM Gears","url":"https:\/\/www.cordm.com\/de\/","logo":{"@type":"ImageObject","inLanguage":"de","@id":"https:\/\/www.cordm.com\/de\/#\/schema\/logo\/image\/","url":"https:\/\/www.cordm.com\/wp-content\/uploads\/2024\/10\/cordm_logo.png","contentUrl":"https:\/\/www.cordm.com\/wp-content\/uploads\/2024\/10\/cordm_logo.png","width":332,"height":98,"caption":"CORDM Gears"},"image":{"@id":"https:\/\/www.cordm.com\/de\/#\/schema\/logo\/image\/"}},{"@type":"Person","@id":"https:\/\/www.cordm.com\/de\/#\/schema\/person\/fe7dcfca85fce13364c871184eb9cde8","name":"samuel","image":{"@type":"ImageObject","inLanguage":"de","@id":"https:\/\/www.cordm.com\/de\/#\/schema\/person\/image\/","url":"https:\/\/secure.gravatar.com\/avatar\/2f996de0e03a3d8acbacc74e4c54bf6a881c6e2a70104714238eee8b90385573?s=96&d=mm&r=g","contentUrl":"https:\/\/secure.gravatar.com\/avatar\/2f996de0e03a3d8acbacc74e4c54bf6a881c6e2a70104714238eee8b90385573?s=96&d=mm&r=g","caption":"samuel"},"sameAs":["https:\/\/crm.lafabrikk.dev"]}]}},"_links":{"self":[{"href":"https:\/\/www.cordm.com\/de\/wp-json\/wp\/v2\/posts\/4785","targetHints":{"allow":["GET"]}}],"collection":[{"href":"https:\/\/www.cordm.com\/de\/wp-json\/wp\/v2\/posts"}],"about":[{"href":"https:\/\/www.cordm.com\/de\/wp-json\/wp\/v2\/types\/post"}],"author":[{"embeddable":true,"href":"https:\/\/www.cordm.com\/de\/wp-json\/wp\/v2\/users\/1"}],"replies":[{"embeddable":true,"href":"https:\/\/www.cordm.com\/de\/wp-json\/wp\/v2\/comments?post=4785"}],"version-history":[{"count":1,"href":"https:\/\/www.cordm.com\/de\/wp-json\/wp\/v2\/posts\/4785\/revisions"}],"predecessor-version":[{"id":4791,"href":"https:\/\/www.cordm.com\/de\/wp-json\/wp\/v2\/posts\/4785\/revisions\/4791"}],"wp:featuredmedia":[{"embeddable":true,"href":"https:\/\/www.cordm.com\/de\/wp-json\/wp\/v2\/media\/4781"}],"wp:attachment":[{"href":"https:\/\/www.cordm.com\/de\/wp-json\/wp\/v2\/media?parent=4785"}],"wp:term":[{"taxonomy":"category","embeddable":true,"href":"https:\/\/www.cordm.com\/de\/wp-json\/wp\/v2\/categories?post=4785"},{"taxonomy":"post_tag","embeddable":true,"href":"https:\/\/www.cordm.com\/de\/wp-json\/wp\/v2\/tags?post=4785"}],"curies":[{"name":"wp","href":"https:\/\/api.w.org\/{rel}","templated":true}]}}